{"id":6147,"date":"2026-04-27T20:40:23","date_gmt":"2026-04-27T18:40:23","guid":{"rendered":"https:\/\/neoviaq.com\/?p=6147"},"modified":"2026-04-27T20:46:35","modified_gmt":"2026-04-27T18:46:35","slug":"belgique-2026-360-heures-supplementaires-volontaires","status":"publish","type":"post","link":"https:\/\/neoviaq.com\/en\/belgique-2026-360-heures-supplementaires-volontaires\/","title":{"rendered":"Belgique &#8211; Nouveau r\u00e9gime des heures suppl\u00e9mentaires volontaires d\u00e8s le 1er avril 2026"},"content":{"rendered":"<p>Une r\u00e9forme importante du r\u00e9gime des heures suppl\u00e9mentaires volontaires est en voie d&#8217;aboutissement en Belgique. Bien que le texte l\u00e9gal ne soit pas encore formellement publi\u00e9, les autorit\u00e9s comp\u00e9tentes (SPF Emploi, ONSS et Administration fiscale) ont confirm\u00e9 que les nouvelles r\u00e8gles peuvent d\u00e9j\u00e0 \u00eatre appliqu\u00e9es \u00e0 partir du 1er avril 2026, avec effet r\u00e9troactif.<\/p>\n<p><strong>Un syst\u00e8me \u00e9largi et simplifi\u00e9<\/strong><\/p>\n<p>Le nouveau cadre introduit un contingent annuel de 360 heures suppl\u00e9mentaires volontaires, accessibles sans justification particuli\u00e8re et sans octroi de repos compensatoire.<\/p>\n<p>Ce contingent se r\u00e9partit en deux volets :<\/p>\n<ul>\n<li>240 heures suppl\u00e9mentaires volontaires brutes\/nettes, enti\u00e8rement exon\u00e9r\u00e9es de cotisations sociales et d&#8217;imp\u00f4t, et r\u00e9mun\u00e9r\u00e9es sans sursalaire<\/li>\n<li>120 heures suppl\u00e9mentaires volontaires, soumises au r\u00e8gles fiscales et sociales habituelles, avec application d&#8217;un sursalaire de 50% (en cas de d\u00e9passement des limites journali\u00e8res et\/ou hebdomadaires normales de travail dans l&#8217;entreprise).<\/li>\n<\/ul>\n<p><strong>Travailleurs concern\u00e9s<\/strong><\/p>\n<p>Le nouveau r\u00e9gime vise d\u00e9sormais principalement les travailleurs \u00e0 temps plein.<\/p>\n<p>Les travailleurs \u00e0 temps partiel ne peuvent plus effectuer d&#8217;heures suppl\u00e9mentaires volontaires que dans deux conditions cumulatives: l&#8217;existence d&#8217;un surcro\u00eet temporaire de travail et une anciennet\u00e9 d&#8217;au moins trois ans chez le m\u00eame employeur dans le cadre d&#8217;un contrat \u00e0 temps partiel. Ces heures doivent par ailleurs \u00eatre prest\u00e9es au-del\u00e0 des limites journali\u00e8re ou hebdomadaire applicables aux travailleurs \u00e0 temps plein pour pouvoir \u00eatre qualifi\u00e9es d&#8217;heures suppl\u00e9mentaires.<\/p>\n<p>les travailleurs occup\u00e9s \u00e0 temps partiel dans le cadre d&#8217;une interruption de carri\u00e8re, d&#8217;un cr\u00e9dit-temps ou d&#8217;un cong\u00e9 th\u00e9matique sont express\u00e9ment exclues de cette possibilit\u00e9.<\/p>\n<p>Des r\u00e8gles transitoires permettent toutefois de maintenir temporairement les accords existants conclus avant l&#8217;entr\u00e9e en vigueur de la r\u00e9forme.<\/p>\n<p><strong>Une convention \u00e9crite obligatoire<\/strong><\/p>\n<p>La prestation d&#8217;heures suppl\u00e9mentaires volontaires reste conditionn\u00e9e \u00e0 la conclusion pr\u00e9alable d&#8217;une convention individuelle \u00e9crite entre l&#8217;employeur et le travailleur.<\/p>\n<p>Cette convention est en principe conclue pour une dur\u00e9e d&#8217;un an et se renouvelle ensuite tacitement pour des dur\u00e9es d&#8217;un an. Elle peut \u00eatre r\u00e9sili\u00e9e \u00e0 tout moment par l&#8217;une ou l&#8217;autre des parties, moyennant un pr\u00e9avis d&#8217;un mois.<\/p>\n<p>Le travailleur doit donner son accord librement : aucune pression ni cons\u00e9quence n\u00e9gative ne peut \u00eatre li\u00e9e \u00e0 un refus.<\/p>\n<p><strong>Interaction avec les heures de relance<\/strong><\/p>\n<p>Les heures de relance prest\u00e9es au cours du premier trimestre 2026 (jusqu&#8217;\u00e0 120 heures) devront \u00eatre imput\u00e9es sur le nouveau contingent des 240 heures exon\u00e9r\u00e9es pour l&#8217;ann\u00e9e 2026.<\/p>\n<p><strong>Entr\u00e9e en vigueur<\/strong><\/p>\n<p>Selon le projet de loi actuel, le nouveau r\u00e9gime s&#8217;appliquera \u00e0 partir du 1er avril 2026.<\/p>\n<p>Les conventions existantes restent valables jusqu&#8217;\u00e0 leur \u00e9ch\u00e9ance, apr\u00e8s quoi elles devront \u00eatre adapt\u00e9es aux nouvelles r\u00e8gles.<\/p>\n","protected":false},"excerpt":{"rendered":"<p>Une r\u00e9forme importante du r\u00e9gime des heures suppl\u00e9mentaires volontaires est en voie d&#8217;aboutissement en Belgique. Bien que le texte l\u00e9gal ne soit pas encore formellement publi\u00e9, les autorit\u00e9s comp\u00e9tentes (SPF Emploi, ONSS et Administration fiscale) ont confirm\u00e9 que les nouvelles r\u00e8gles peuvent d\u00e9j\u00e0 \u00eatre appliqu\u00e9es \u00e0 partir du 1er avril 2026, avec effet r\u00e9troactif. Un [&hellip;]<\/p>\n","protected":false},"author":9,"featured_media":6140,"comment_status":"closed","ping_status":"closed","sticky":false,"template":"","format":"standard","meta":{"_acf_changed":false,"footnotes":""},"categories":[1,71,54],"tags":[],"class_list":["post-6147","post","type-post","status-publish","format-standard","has-post-thumbnail","hentry","category-all-en","category-fiscalite-en","category-payroll-en"],"acf":[],"yoast_head":"<!-- This site is optimized with the Yoast SEO plugin v27.1.1 - https:\/\/yoast.com\/product\/yoast-seo-wordpress\/ -->\n<title>Belgique - Nouveau r\u00e9gime des heures suppl\u00e9mentaires volontaires d\u00e8s le 1er avril 2026 - Neoviaq<\/title>\n<meta name=\"description\" content=\"La Belgique r\u00e9forme les heures suppl\u00e9mentaires volontaires d\u00e8s 2026 : jusqu\u2019\u00e0 360 heures par an, dont 240 exon\u00e9r\u00e9es d\u2019imp\u00f4ts et de charges sociales.\" \/>\n<meta name=\"robots\" content=\"index, follow, max-snippet:-1, max-image-preview:large, max-video-preview:-1\" \/>\n<link rel=\"canonical\" href=\"https:\/\/neoviaq.com\/en\/belgique-2026-360-heures-supplementaires-volontaires\/\" \/>\n<meta property=\"og:locale\" content=\"en_US\" \/>\n<meta property=\"og:type\" content=\"article\" \/>\n<meta property=\"og:title\" content=\"Belgique - Nouveau r\u00e9gime des heures suppl\u00e9mentaires volontaires d\u00e8s le 1er avril 2026 - Neoviaq\" \/>\n<meta property=\"og:description\" content=\"La Belgique r\u00e9forme les heures suppl\u00e9mentaires volontaires d\u00e8s 2026 : jusqu\u2019\u00e0 360 heures par an, dont 240 exon\u00e9r\u00e9es d\u2019imp\u00f4ts et de charges sociales.\" \/>\n<meta property=\"og:url\" content=\"https:\/\/neoviaq.com\/en\/belgique-2026-360-heures-supplementaires-volontaires\/\" \/>\n<meta property=\"og:site_name\" content=\"Neoviaq\" \/>\n<meta property=\"article:publisher\" content=\"https:\/\/www.facebook.com\/people\/Neoviaq\/100064263154884\/#\" \/>\n<meta property=\"article:published_time\" content=\"2026-04-27T18:40:23+00:00\" \/>\n<meta property=\"article:modified_time\" content=\"2026-04-27T18:46:35+00:00\" \/>\n<meta property=\"og:image\" content=\"https:\/\/neoviaq.com\/wp-content\/uploads\/2026\/04\/alarm-clock-female-hands-laptop-white-background-top-view-scaled-e1777315082631.jpg\" \/>\n\t<meta property=\"og:image:width\" content=\"2560\" \/>\n\t<meta property=\"og:image:height\" content=\"1707\" \/>\n\t<meta property=\"og:image:type\" content=\"image\/jpeg\" \/>\n<meta name=\"author\" content=\"Nicole\" \/>\n<meta name=\"twitter:card\" content=\"summary_large_image\" \/>\n<meta name=\"twitter:label1\" content=\"Written by\" \/>\n\t<meta name=\"twitter:data1\" content=\"Nicole\" \/>\n\t<meta name=\"twitter:label2\" content=\"Est. reading time\" \/>\n\t<meta name=\"twitter:data2\" content=\"3 minutes\" \/>\n<script type=\"application\/ld+json\" class=\"yoast-schema-graph\">{\"@context\":\"https:\/\/schema.org\",\"@graph\":[{\"@type\":\"Article\",\"@id\":\"https:\/\/neoviaq.com\/en\/belgique-2026-360-heures-supplementaires-volontaires\/#article\",\"isPartOf\":{\"@id\":\"https:\/\/neoviaq.com\/en\/belgique-2026-360-heures-supplementaires-volontaires\/\"},\"author\":{\"name\":\"Nicole\",\"@id\":\"https:\/\/neoviaq.com\/en\/#\/schema\/person\/5d14c4aa1b269b1ccc9a165514fd7aa1\"},\"headline\":\"Belgique &#8211; Nouveau r\u00e9gime des heures suppl\u00e9mentaires volontaires d\u00e8s le 1er avril 2026\",\"datePublished\":\"2026-04-27T18:40:23+00:00\",\"dateModified\":\"2026-04-27T18:46:35+00:00\",\"mainEntityOfPage\":{\"@id\":\"https:\/\/neoviaq.com\/en\/belgique-2026-360-heures-supplementaires-volontaires\/\"},\"wordCount\":498,\"publisher\":{\"@id\":\"https:\/\/neoviaq.com\/en\/#organization\"},\"image\":{\"@id\":\"https:\/\/neoviaq.com\/en\/belgique-2026-360-heures-supplementaires-volontaires\/#primaryimage\"},\"thumbnailUrl\":\"https:\/\/neoviaq.com\/wp-content\/uploads\/2026\/04\/alarm-clock-female-hands-laptop-white-background-top-view-scaled-e1777315082631.jpg\",\"articleSection\":[\"All\",\"Taxation\",\"Payroll\"],\"inLanguage\":\"en-US\"},{\"@type\":\"WebPage\",\"@id\":\"https:\/\/neoviaq.com\/en\/belgique-2026-360-heures-supplementaires-volontaires\/\",\"url\":\"https:\/\/neoviaq.com\/en\/belgique-2026-360-heures-supplementaires-volontaires\/\",\"name\":\"Belgique - Nouveau r\u00e9gime des heures suppl\u00e9mentaires volontaires d\u00e8s le 1er avril 2026 - Neoviaq\",\"isPartOf\":{\"@id\":\"https:\/\/neoviaq.com\/en\/#website\"},\"primaryImageOfPage\":{\"@id\":\"https:\/\/neoviaq.com\/en\/belgique-2026-360-heures-supplementaires-volontaires\/#primaryimage\"},\"image\":{\"@id\":\"https:\/\/neoviaq.com\/en\/belgique-2026-360-heures-supplementaires-volontaires\/#primaryimage\"},\"thumbnailUrl\":\"https:\/\/neoviaq.com\/wp-content\/uploads\/2026\/04\/alarm-clock-female-hands-laptop-white-background-top-view-scaled-e1777315082631.jpg\",\"datePublished\":\"2026-04-27T18:40:23+00:00\",\"dateModified\":\"2026-04-27T18:46:35+00:00\",\"description\":\"La Belgique r\u00e9forme les heures suppl\u00e9mentaires volontaires d\u00e8s 2026 : jusqu\u2019\u00e0 360 heures par an, dont 240 exon\u00e9r\u00e9es d\u2019imp\u00f4ts et de charges sociales.\",\"breadcrumb\":{\"@id\":\"https:\/\/neoviaq.com\/en\/belgique-2026-360-heures-supplementaires-volontaires\/#breadcrumb\"},\"inLanguage\":\"en-US\",\"potentialAction\":[{\"@type\":\"ReadAction\",\"target\":[\"https:\/\/neoviaq.com\/en\/belgique-2026-360-heures-supplementaires-volontaires\/\"]}]},{\"@type\":\"ImageObject\",\"inLanguage\":\"en-US\",\"@id\":\"https:\/\/neoviaq.com\/en\/belgique-2026-360-heures-supplementaires-volontaires\/#primaryimage\",\"url\":\"https:\/\/neoviaq.com\/wp-content\/uploads\/2026\/04\/alarm-clock-female-hands-laptop-white-background-top-view-scaled-e1777315082631.jpg\",\"contentUrl\":\"https:\/\/neoviaq.com\/wp-content\/uploads\/2026\/04\/alarm-clock-female-hands-laptop-white-background-top-view-scaled-e1777315082631.jpg\",\"width\":2560,\"height\":1707,\"caption\":\"Alarm clock in female hands and a laptop on a white background, top view. Minimalistic background, the concept of work in the office, mornings at work, schedule and deadline.\"},{\"@type\":\"BreadcrumbList\",\"@id\":\"https:\/\/neoviaq.com\/en\/belgique-2026-360-heures-supplementaires-volontaires\/#breadcrumb\",\"itemListElement\":[{\"@type\":\"ListItem\",\"position\":1,\"name\":\"Home\",\"item\":\"https:\/\/neoviaq.com\/en\/\"},{\"@type\":\"ListItem\",\"position\":2,\"name\":\"Belgique &#8211; Nouveau r\u00e9gime des heures suppl\u00e9mentaires volontaires d\u00e8s le 1er avril 2026\"}]},{\"@type\":\"WebSite\",\"@id\":\"https:\/\/neoviaq.com\/en\/#website\",\"url\":\"https:\/\/neoviaq.com\/en\/\",\"name\":\"Neoviaq\",\"description\":\"Empower your business\",\"publisher\":{\"@id\":\"https:\/\/neoviaq.com\/en\/#organization\"},\"potentialAction\":[{\"@type\":\"SearchAction\",\"target\":{\"@type\":\"EntryPoint\",\"urlTemplate\":\"https:\/\/neoviaq.com\/en\/?s={search_term_string}\"},\"query-input\":{\"@type\":\"PropertyValueSpecification\",\"valueRequired\":true,\"valueName\":\"search_term_string\"}}],\"inLanguage\":\"en-US\"},{\"@type\":\"Organization\",\"@id\":\"https:\/\/neoviaq.com\/en\/#organization\",\"name\":\"Neoviaq\",\"url\":\"https:\/\/neoviaq.com\/en\/\",\"logo\":{\"@type\":\"ImageObject\",\"inLanguage\":\"en-US\",\"@id\":\"https:\/\/neoviaq.com\/en\/#\/schema\/logo\/image\/\",\"url\":\"https:\/\/neoviaq.com\/wp-content\/uploads\/2025\/04\/logo_neoviaq.jpg\",\"contentUrl\":\"https:\/\/neoviaq.com\/wp-content\/uploads\/2025\/04\/logo_neoviaq.jpg\",\"width\":269,\"height\":62,\"caption\":\"Neoviaq\"},\"image\":{\"@id\":\"https:\/\/neoviaq.com\/en\/#\/schema\/logo\/image\/\"},\"sameAs\":[\"https:\/\/www.facebook.com\/people\/Neoviaq\/100064263154884\/#\"]},{\"@type\":\"Person\",\"@id\":\"https:\/\/neoviaq.com\/en\/#\/schema\/person\/5d14c4aa1b269b1ccc9a165514fd7aa1\",\"name\":\"Nicole\",\"image\":{\"@type\":\"ImageObject\",\"inLanguage\":\"en-US\",\"@id\":\"https:\/\/neoviaq.com\/en\/#\/schema\/person\/image\/\",\"url\":\"https:\/\/secure.gravatar.com\/avatar\/875fac982bfe1cd369894a992a2cd02106a9d1c0d1bf85596ca2984576c6d070?s=96&d=mm&r=g\",\"contentUrl\":\"https:\/\/secure.gravatar.com\/avatar\/875fac982bfe1cd369894a992a2cd02106a9d1c0d1bf85596ca2984576c6d070?s=96&d=mm&r=g\",\"caption\":\"Nicole\"},\"url\":\"https:\/\/neoviaq.com\/en\/author\/nicole\/\"}]}<\/script>\n<!-- \/ Yoast SEO plugin. -->","yoast_head_json":{"title":"Belgique - Nouveau r\u00e9gime des heures suppl\u00e9mentaires volontaires d\u00e8s le 1er avril 2026 - Neoviaq","description":"La Belgique r\u00e9forme les heures suppl\u00e9mentaires volontaires d\u00e8s 2026 : jusqu\u2019\u00e0 360 heures par an, dont 240 exon\u00e9r\u00e9es d\u2019imp\u00f4ts et de charges sociales.","robots":{"index":"index","follow":"follow","max-snippet":"max-snippet:-1","max-image-preview":"max-image-preview:large","max-video-preview":"max-video-preview:-1"},"canonical":"https:\/\/neoviaq.com\/en\/belgique-2026-360-heures-supplementaires-volontaires\/","og_locale":"en_US","og_type":"article","og_title":"Belgique - Nouveau r\u00e9gime des heures suppl\u00e9mentaires volontaires d\u00e8s le 1er avril 2026 - Neoviaq","og_description":"La Belgique r\u00e9forme les heures suppl\u00e9mentaires volontaires d\u00e8s 2026 : jusqu\u2019\u00e0 360 heures par an, dont 240 exon\u00e9r\u00e9es d\u2019imp\u00f4ts et de charges sociales.","og_url":"https:\/\/neoviaq.com\/en\/belgique-2026-360-heures-supplementaires-volontaires\/","og_site_name":"Neoviaq","article_publisher":"https:\/\/www.facebook.com\/people\/Neoviaq\/100064263154884\/#","article_published_time":"2026-04-27T18:40:23+00:00","article_modified_time":"2026-04-27T18:46:35+00:00","og_image":[{"width":2560,"height":1707,"url":"https:\/\/neoviaq.com\/wp-content\/uploads\/2026\/04\/alarm-clock-female-hands-laptop-white-background-top-view-scaled-e1777315082631.jpg","type":"image\/jpeg"}],"author":"Nicole","twitter_card":"summary_large_image","twitter_misc":{"Written by":"Nicole","Est. reading time":"3 minutes"},"schema":{"@context":"https:\/\/schema.org","@graph":[{"@type":"Article","@id":"https:\/\/neoviaq.com\/en\/belgique-2026-360-heures-supplementaires-volontaires\/#article","isPartOf":{"@id":"https:\/\/neoviaq.com\/en\/belgique-2026-360-heures-supplementaires-volontaires\/"},"author":{"name":"Nicole","@id":"https:\/\/neoviaq.com\/en\/#\/schema\/person\/5d14c4aa1b269b1ccc9a165514fd7aa1"},"headline":"Belgique &#8211; Nouveau r\u00e9gime des heures suppl\u00e9mentaires volontaires d\u00e8s le 1er avril 2026","datePublished":"2026-04-27T18:40:23+00:00","dateModified":"2026-04-27T18:46:35+00:00","mainEntityOfPage":{"@id":"https:\/\/neoviaq.com\/en\/belgique-2026-360-heures-supplementaires-volontaires\/"},"wordCount":498,"publisher":{"@id":"https:\/\/neoviaq.com\/en\/#organization"},"image":{"@id":"https:\/\/neoviaq.com\/en\/belgique-2026-360-heures-supplementaires-volontaires\/#primaryimage"},"thumbnailUrl":"https:\/\/neoviaq.com\/wp-content\/uploads\/2026\/04\/alarm-clock-female-hands-laptop-white-background-top-view-scaled-e1777315082631.jpg","articleSection":["All","Taxation","Payroll"],"inLanguage":"en-US"},{"@type":"WebPage","@id":"https:\/\/neoviaq.com\/en\/belgique-2026-360-heures-supplementaires-volontaires\/","url":"https:\/\/neoviaq.com\/en\/belgique-2026-360-heures-supplementaires-volontaires\/","name":"Belgique - Nouveau r\u00e9gime des heures suppl\u00e9mentaires volontaires d\u00e8s le 1er avril 2026 - Neoviaq","isPartOf":{"@id":"https:\/\/neoviaq.com\/en\/#website"},"primaryImageOfPage":{"@id":"https:\/\/neoviaq.com\/en\/belgique-2026-360-heures-supplementaires-volontaires\/#primaryimage"},"image":{"@id":"https:\/\/neoviaq.com\/en\/belgique-2026-360-heures-supplementaires-volontaires\/#primaryimage"},"thumbnailUrl":"https:\/\/neoviaq.com\/wp-content\/uploads\/2026\/04\/alarm-clock-female-hands-laptop-white-background-top-view-scaled-e1777315082631.jpg","datePublished":"2026-04-27T18:40:23+00:00","dateModified":"2026-04-27T18:46:35+00:00","description":"La Belgique r\u00e9forme les heures suppl\u00e9mentaires volontaires d\u00e8s 2026 : jusqu\u2019\u00e0 360 heures par an, dont 240 exon\u00e9r\u00e9es d\u2019imp\u00f4ts et de charges sociales.","breadcrumb":{"@id":"https:\/\/neoviaq.com\/en\/belgique-2026-360-heures-supplementaires-volontaires\/#breadcrumb"},"inLanguage":"en-US","potentialAction":[{"@type":"ReadAction","target":["https:\/\/neoviaq.com\/en\/belgique-2026-360-heures-supplementaires-volontaires\/"]}]},{"@type":"ImageObject","inLanguage":"en-US","@id":"https:\/\/neoviaq.com\/en\/belgique-2026-360-heures-supplementaires-volontaires\/#primaryimage","url":"https:\/\/neoviaq.com\/wp-content\/uploads\/2026\/04\/alarm-clock-female-hands-laptop-white-background-top-view-scaled-e1777315082631.jpg","contentUrl":"https:\/\/neoviaq.com\/wp-content\/uploads\/2026\/04\/alarm-clock-female-hands-laptop-white-background-top-view-scaled-e1777315082631.jpg","width":2560,"height":1707,"caption":"Alarm clock in female hands and a laptop on a white background, top view. Minimalistic background, the concept of work in the office, mornings at work, schedule and deadline."},{"@type":"BreadcrumbList","@id":"https:\/\/neoviaq.com\/en\/belgique-2026-360-heures-supplementaires-volontaires\/#breadcrumb","itemListElement":[{"@type":"ListItem","position":1,"name":"Home","item":"https:\/\/neoviaq.com\/en\/"},{"@type":"ListItem","position":2,"name":"Belgique &#8211; Nouveau r\u00e9gime des heures suppl\u00e9mentaires volontaires d\u00e8s le 1er avril 2026"}]},{"@type":"WebSite","@id":"https:\/\/neoviaq.com\/en\/#website","url":"https:\/\/neoviaq.com\/en\/","name":"Neoviaq","description":"Empower your business","publisher":{"@id":"https:\/\/neoviaq.com\/en\/#organization"},"potentialAction":[{"@type":"SearchAction","target":{"@type":"EntryPoint","urlTemplate":"https:\/\/neoviaq.com\/en\/?s={search_term_string}"},"query-input":{"@type":"PropertyValueSpecification","valueRequired":true,"valueName":"search_term_string"}}],"inLanguage":"en-US"},{"@type":"Organization","@id":"https:\/\/neoviaq.com\/en\/#organization","name":"Neoviaq","url":"https:\/\/neoviaq.com\/en\/","logo":{"@type":"ImageObject","inLanguage":"en-US","@id":"https:\/\/neoviaq.com\/en\/#\/schema\/logo\/image\/","url":"https:\/\/neoviaq.com\/wp-content\/uploads\/2025\/04\/logo_neoviaq.jpg","contentUrl":"https:\/\/neoviaq.com\/wp-content\/uploads\/2025\/04\/logo_neoviaq.jpg","width":269,"height":62,"caption":"Neoviaq"},"image":{"@id":"https:\/\/neoviaq.com\/en\/#\/schema\/logo\/image\/"},"sameAs":["https:\/\/www.facebook.com\/people\/Neoviaq\/100064263154884\/#"]},{"@type":"Person","@id":"https:\/\/neoviaq.com\/en\/#\/schema\/person\/5d14c4aa1b269b1ccc9a165514fd7aa1","name":"Nicole","image":{"@type":"ImageObject","inLanguage":"en-US","@id":"https:\/\/neoviaq.com\/en\/#\/schema\/person\/image\/","url":"https:\/\/secure.gravatar.com\/avatar\/875fac982bfe1cd369894a992a2cd02106a9d1c0d1bf85596ca2984576c6d070?s=96&d=mm&r=g","contentUrl":"https:\/\/secure.gravatar.com\/avatar\/875fac982bfe1cd369894a992a2cd02106a9d1c0d1bf85596ca2984576c6d070?s=96&d=mm&r=g","caption":"Nicole"},"url":"https:\/\/neoviaq.com\/en\/author\/nicole\/"}]}},"_links":{"self":[{"href":"https:\/\/neoviaq.com\/en\/wp-json\/wp\/v2\/posts\/6147","targetHints":{"allow":["GET"]}}],"collection":[{"href":"https:\/\/neoviaq.com\/en\/wp-json\/wp\/v2\/posts"}],"about":[{"href":"https:\/\/neoviaq.com\/en\/wp-json\/wp\/v2\/types\/post"}],"author":[{"embeddable":true,"href":"https:\/\/neoviaq.com\/en\/wp-json\/wp\/v2\/users\/9"}],"replies":[{"embeddable":true,"href":"https:\/\/neoviaq.com\/en\/wp-json\/wp\/v2\/comments?post=6147"}],"version-history":[{"count":1,"href":"https:\/\/neoviaq.com\/en\/wp-json\/wp\/v2\/posts\/6147\/revisions"}],"predecessor-version":[{"id":6148,"href":"https:\/\/neoviaq.com\/en\/wp-json\/wp\/v2\/posts\/6147\/revisions\/6148"}],"wp:featuredmedia":[{"embeddable":true,"href":"https:\/\/neoviaq.com\/en\/wp-json\/wp\/v2\/media\/6140"}],"wp:attachment":[{"href":"https:\/\/neoviaq.com\/en\/wp-json\/wp\/v2\/media?parent=6147"}],"wp:term":[{"taxonomy":"category","embeddable":true,"href":"https:\/\/neoviaq.com\/en\/wp-json\/wp\/v2\/categories?post=6147"},{"taxonomy":"post_tag","embeddable":true,"href":"https:\/\/neoviaq.com\/en\/wp-json\/wp\/v2\/tags?post=6147"}],"curies":[{"name":"wp","href":"https:\/\/api.w.org\/{rel}","templated":true}]}}